{"id":31363,"date":"2023-11-10T21:18:01","date_gmt":"2023-11-10T14:18:01","guid":{"rendered":"https:\/\/staging.ffd.or.id\/?p=31363"},"modified":"2023-11-18T20:14:59","modified_gmt":"2023-11-18T13:14:59","slug":"the-pasha-my-mother-and-i-2023","status":"publish","type":"post","link":"https:\/\/ffd.or.id\/en\/film-review-en\/the-pasha-my-mother-and-i-2023\/","title":{"rendered":"The Pasha, my mother and I (2023): The Search for One&#8217;s \u201cLegacy\u201d"},"content":{"rendered":"<blockquote><p><em>\u201cI think your mother is now considered as the Cemil Pasha family\u2019s last samurai, fighting for the Kurdish movement.\u201d<\/em><\/p><\/blockquote>\n<p>We\u2019ve all heard the saying that mothers are the unsung heroes of our everyday lives, but what if your mother is an actual hero of your nation\u2019s independence? Meet Nevine, the director who documented the struggles her own mother, Pervine, has to go through as a Kurdish militant activist in her documentary<em> The Pasha, my mother and I<\/em> (Nevine Gerits, 2023). Nevine invites her viewers for 83 minutes to dive into her complicated family history, all the while questioning the heritage that is carried through her mother\u2019s bloodline.<\/p>\n<p>The everlasting fight Pervine has for Kurdish independence is a lifelong one. Over time, Pervine would publish a global monthly bulletin that contains the struggles of the Kurds through the Kurdish Bureau. Even at her age, Pervine still moves through life with the embers of her patriotic spirit for her stateless nation, as if being a Kurdish activist isn\u2019t a career, rather a heritage passed down through generations.<\/p>\n<p><img loading=\"lazy\" decoding=\"async\" class=\"alignnone wp-image-30237 size-full\" src=\"https:\/\/ffd.or.id\/site\/wp-content\/uploads\/2023\/10\/The-Pasha-My-Mother-and-I-2.jpeg\" alt=\"\" width=\"1875\" height=\"988\" srcset=\"https:\/\/ffd.or.id\/site\/wp-content\/uploads\/2023\/10\/The-Pasha-My-Mother-and-I-2.jpeg 1875w, https:\/\/ffd.or.id\/site\/wp-content\/uploads\/2023\/10\/The-Pasha-My-Mother-and-I-2-500x263.jpeg 500w, https:\/\/ffd.or.id\/site\/wp-content\/uploads\/2023\/10\/The-Pasha-My-Mother-and-I-2-1280x674.jpeg 1280w, https:\/\/ffd.or.id\/site\/wp-content\/uploads\/2023\/10\/The-Pasha-My-Mother-and-I-2-768x405.jpeg 768w\" sizes=\"auto, (max-width: 1875px) 100vw, 1875px\" \/><\/p>\n<p>The Kurds are the fourth-largest ethnic group in the Middle East, however, they have never obtained statehood unlike Turkey, Iraq, and Syria. At the beginning of the 20th century, the Kurds gathered and discussed forming a country called Kurdistan. The Kurds then looked to the possibility of establishing the Kurdistan state through Treaty of S\u00e8vres after the end of World War I and the dissolution of the Ottoman Empire. However, the arrangement was soon unsuccessful with the negotiation of the Treaty of Lausanne that formed modern Turkey. In the last 80 years, all attempts to form a country for the Kurds remain fruitless.<\/p>\n<p>Pervine stands strong for Kurdish independence still for as long as she may live. She fights through her movements and her writings. The fire within her was passed down from her late father, Ekrem Cemil Pasha, one of the founders of the Kurdish modern movement. The letters that Ekrem wrote are ingrained in her head, fueling the fire to fight for the sovereign rights of the Kurdish nation.<\/p>\n<p>For years, Nevine secretly questioned the origin of her family, especially of her mother. Who is her mother? Who actually is Pervine? How does history and identity mold who her family really is? And after so many years, Nevine realized that she doesn\u2019t actually know her mother. They communicate, but they would never open up.<\/p>\n<p><img loading=\"lazy\" decoding=\"async\" class=\"alignnone size-medium\" src=\"https:\/\/live.staticflickr.com\/65535\/53312023642_95b2a81def_b.jpg\" width=\"1024\" height=\"575\" \/><\/p>\n<p>Finally, Nevine gave her mother two options to choose one day, between a free Kurdistan and their family. Pervine shook her head, and adamantly replied,<\/p>\n<blockquote><p>\u201c<em>You have to choose between a free Kurdistan and your family. That question doesn\u2019t make sense, sweetheart. One has nothing to do with the other. Sorry.<\/em>\u201d<\/p><\/blockquote>\n<p>Now Nevine has to accept the torch Pervine has passed down to her. The heritage to fight for a free Kurdistan. Nevine then entrusts it in the hands of her firstborn whose middle name is H\u00eav\u00ee, the name Pervine gave her. H\u00eav\u00ee. Hope.<\/p>\n<p>This documentary offered a new perspective on the reflection of self discovery and family identity. The journey of digging into family history, uncovering your nation\u2019s heritage, up until discovering the struggle of a mother in liberating herself, her family, and her nation.<\/p>\n<p><em>The Pasha, my mother and I<\/em> (2023) is selected in <strong>International Feature-Length Competition <\/strong>Festival Film Dokumenter 2023. (Hesty N. Tyas) (Vanis\/Adinta)<\/p>\n<p>&nbsp;<\/p>\n<p><strong>Film Details<br \/>\n<\/strong>The Pasha, my mother and I (Le Pacha, ma m\u00e8re et moi)<br \/>\nNevine Gerits | 83 Minutes | 2023 | Belgium | Color | 17+<\/p>\n<p><strong>Screening Schedule<br \/>\n<\/strong>12.06 | Bioskop Sonobudoyo | 19.00 WIB<\/p>\n","protected":false},"excerpt":{"rendered":"<p>\u201cI think your mother is now considered as the Cemil Pasha family\u2019s last samurai, fighting for the Kurdish movement.\u201d We\u2019ve all heard the saying that mothers are the unsung heroes of our everyday lives, but what if your mother is an actual hero of your nation\u2019s independence? Meet Nevine, the director who documented the struggles [&hellip;]<\/p>\n","protected":false},"author":1182,"featured_media":30240,"comment_status":"open","ping_status":"closed","sticky":false,"template":"","format":"standard","meta":{"_acf_changed":false,"footnotes":""},"categories":[21],"tags":[],"edition":[648],"class_list":["post-31363","post","type-post","status-publish","format-standard","has-post-thumbnail","hentry","category-film-review-en","edition-ffd-2023-en"],"acf":[],"_links":{"self":[{"href":"https:\/\/ffd.or.id\/en\/wp-json\/wp\/v2\/posts\/31363","targetHints":{"allow":["GET"]}}],"collection":[{"href":"https:\/\/ffd.or.id\/en\/wp-json\/wp\/v2\/posts"}],"about":[{"href":"https:\/\/ffd.or.id\/en\/wp-json\/wp\/v2\/types\/post"}],"author":[{"embeddable":true,"href":"https:\/\/ffd.or.id\/en\/wp-json\/wp\/v2\/users\/1182"}],"replies":[{"embeddable":true,"href":"https:\/\/ffd.or.id\/en\/wp-json\/wp\/v2\/comments?post=31363"}],"version-history":[{"count":0,"href":"https:\/\/ffd.or.id\/en\/wp-json\/wp\/v2\/posts\/31363\/revisions"}],"wp:featuredmedia":[{"embeddable":true,"href":"https:\/\/ffd.or.id\/en\/wp-json\/wp\/v2\/media\/30240"}],"wp:attachment":[{"href":"https:\/\/ffd.or.id\/en\/wp-json\/wp\/v2\/media?parent=31363"}],"wp:term":[{"taxonomy":"category","embeddable":true,"href":"https:\/\/ffd.or.id\/en\/wp-json\/wp\/v2\/categories?post=31363"},{"taxonomy":"post_tag","embeddable":true,"href":"https:\/\/ffd.or.id\/en\/wp-json\/wp\/v2\/tags?post=31363"},{"taxonomy":"edition","embeddable":true,"href":"https:\/\/ffd.or.id\/en\/wp-json\/wp\/v2\/edition?post=31363"}],"curies":[{"name":"wp","href":"https:\/\/api.w.org\/{rel}","templated":true}]}}